{"id":3293,"date":"2025-06-13T21:15:12","date_gmt":"2025-06-13T21:15:12","guid":{"rendered":"https:\/\/www.engipar.com\/?p=3293"},"modified":"2025-06-13T21:15:13","modified_gmt":"2025-06-13T21:15:13","slug":"projeto-de-reabilitacao","status":"publish","type":"post","link":"https:\/\/www.engipar.com\/en\/2025\/06\/13\/projeto-de-reabilitacao\/","title":{"rendered":"Projeto de Reabilita\u00e7\u00e3o"},"content":{"rendered":"<p>A Engipar elaborou recentemente projeto de reabilita\u00e7\u00e3o de edif\u00edcio IPSS em Vila Real. Depois de um levantamento meticuloso das v\u00e1rias patologias e um diagn\u00f3stico apurado, foi efetuado o projeto. Este inclui mapa de trabalhos, quantidades, condi\u00e7\u00f5es t\u00e9cnicas especiais, plantas e pormenores construtivos. Com estes elementos, o Dono de Obra pode fazer a consulta de mercado.<\/p>\n\n\n\n<!--more-->\n\n\n\n<p>Os projectos por n\u00f3s desenvolvidos, s\u00e3o efectuados com grande detalhe, por forma a mitigar poss\u00edveis erros\/omiss\u00f5es e os consequentes indesejados trabalhos a mais. Um projecto com qualidade \u00e9 fundamental para o sucesso da interven\u00e7\u00e3o.<\/p>\n\n\n\n<p>Os projetos envolvem uma abordagem multidisciplinar que combina tecnologia, experi\u00eancia t\u00e9cnica e um olhar atento \u00e0s necessidades espec\u00edficas de cada im\u00f3vel. A reabilita\u00e7\u00e3o de edif\u00edcios \u00e9 uma das \u00e1reas estrat\u00e9gicas da atua\u00e7\u00e3o da empresa, contribuindo n\u00e3o apenas para a preserva\u00e7\u00e3o arquitet\u00f3nica, mas tamb\u00e9m para a seguran\u00e7a e o conforto dos seus ocupantes.<\/p>\n\n\n\n<div class=\"wp-block-columns is-layout-flex wp-container-core-columns-is-layout-9d6595d7 wp-block-columns-is-layout-flex\">\n<div class=\"wp-block-column is-layout-flow wp-block-column-is-layout-flow\">\n<figure class=\"wp-block-image size-large\"><img loading=\"lazy\" decoding=\"async\" width=\"1024\" height=\"769\" src=\"https:\/\/www.engipar.com\/wp-content\/uploads\/2025\/06\/Noticia-Projeto-Reabilitacao-1-1024x769.webp\" alt=\"Projeto Reabilita\u00e7\u00e3o\" class=\"wp-image-3300\" srcset=\"https:\/\/www.engipar.com\/wp-content\/uploads\/2025\/06\/Noticia-Projeto-Reabilitacao-1-1024x769.webp 1024w, https:\/\/www.engipar.com\/wp-content\/uploads\/2025\/06\/Noticia-Projeto-Reabilitacao-1-300x225.webp 300w, https:\/\/www.engipar.com\/wp-content\/uploads\/2025\/06\/Noticia-Projeto-Reabilitacao-1-768x576.webp 768w, https:\/\/www.engipar.com\/wp-content\/uploads\/2025\/06\/Noticia-Projeto-Reabilitacao-1-1536x1153.webp 1536w, https:\/\/www.engipar.com\/wp-content\/uploads\/2025\/06\/Noticia-Projeto-Reabilitacao-1-16x12.webp 16w, https:\/\/www.engipar.com\/wp-content\/uploads\/2025\/06\/Noticia-Projeto-Reabilitacao-1.webp 2048w\" sizes=\"auto, (max-width: 1024px) 100vw, 1024px\" \/><\/figure>\n<\/div>\n\n\n\n<div class=\"wp-block-column is-layout-flow wp-block-column-is-layout-flow\">\n<figure class=\"wp-block-image size-large\"><img loading=\"lazy\" decoding=\"async\" width=\"1024\" height=\"769\" src=\"https:\/\/www.engipar.com\/wp-content\/uploads\/2025\/06\/Noticia-Projeto-Reabilitacao-2-1024x769.webp\" alt=\"Projeto Reabilita\u00e7\u00e3o\" class=\"wp-image-3301\" srcset=\"https:\/\/www.engipar.com\/wp-content\/uploads\/2025\/06\/Noticia-Projeto-Reabilitacao-2-1024x769.webp 1024w, https:\/\/www.engipar.com\/wp-content\/uploads\/2025\/06\/Noticia-Projeto-Reabilitacao-2-300x225.webp 300w, https:\/\/www.engipar.com\/wp-content\/uploads\/2025\/06\/Noticia-Projeto-Reabilitacao-2-768x576.webp 768w, https:\/\/www.engipar.com\/wp-content\/uploads\/2025\/06\/Noticia-Projeto-Reabilitacao-2-1536x1153.webp 1536w, https:\/\/www.engipar.com\/wp-content\/uploads\/2025\/06\/Noticia-Projeto-Reabilitacao-2-16x12.webp 16w, https:\/\/www.engipar.com\/wp-content\/uploads\/2025\/06\/Noticia-Projeto-Reabilitacao-2.webp 2048w\" sizes=\"auto, (max-width: 1024px) 100vw, 1024px\" \/><\/figure>\n<\/div>\n<\/div>\n\n\n\n<figure class=\"wp-block-image size-large\"><img loading=\"lazy\" decoding=\"async\" width=\"1024\" height=\"769\" src=\"https:\/\/www.engipar.com\/wp-content\/uploads\/2025\/06\/Noticia-Pormenor-do-encontro-entre-o-capoto-e-os-peitoris-das-janelas-seccao-vertical-1024x769.webp\" alt=\"Not\u00edcia Pormenor do encontro entre o capoto e os peitoris das janelas (sec\u00e7\u00e3o vertical)\" class=\"wp-image-3299\" srcset=\"https:\/\/www.engipar.com\/wp-content\/uploads\/2025\/06\/Noticia-Pormenor-do-encontro-entre-o-capoto-e-os-peitoris-das-janelas-seccao-vertical-1024x769.webp 1024w, https:\/\/www.engipar.com\/wp-content\/uploads\/2025\/06\/Noticia-Pormenor-do-encontro-entre-o-capoto-e-os-peitoris-das-janelas-seccao-vertical-300x225.webp 300w, https:\/\/www.engipar.com\/wp-content\/uploads\/2025\/06\/Noticia-Pormenor-do-encontro-entre-o-capoto-e-os-peitoris-das-janelas-seccao-vertical-768x576.webp 768w, https:\/\/www.engipar.com\/wp-content\/uploads\/2025\/06\/Noticia-Pormenor-do-encontro-entre-o-capoto-e-os-peitoris-das-janelas-seccao-vertical-1536x1153.webp 1536w, https:\/\/www.engipar.com\/wp-content\/uploads\/2025\/06\/Noticia-Pormenor-do-encontro-entre-o-capoto-e-os-peitoris-das-janelas-seccao-vertical-16x12.webp 16w, https:\/\/www.engipar.com\/wp-content\/uploads\/2025\/06\/Noticia-Pormenor-do-encontro-entre-o-capoto-e-os-peitoris-das-janelas-seccao-vertical.webp 2048w\" sizes=\"auto, (max-width: 1024px) 100vw, 1024px\" \/><figcaption class=\"wp-element-caption\">Pormenor do encontro entre o capoto e os peitoris das janelas (sec\u00e7\u00e3o vertical)<\/figcaption><\/figure>\n\n\n\n<figure class=\"wp-block-image size-large\"><img loading=\"lazy\" decoding=\"async\" width=\"1024\" height=\"769\" src=\"https:\/\/www.engipar.com\/wp-content\/uploads\/2025\/06\/Noticia-Pormenor-do-encontro-entre-o-capoto-e-as-ombreiras-das-janelas-seccao-horizontal-1024x769.webp\" alt=\"Not\u00edcia Pormenor do encontro entre o capoto e as ombreiras das janelas (sec\u00e7\u00e3o horizontal)\" class=\"wp-image-3298\" srcset=\"https:\/\/www.engipar.com\/wp-content\/uploads\/2025\/06\/Noticia-Pormenor-do-encontro-entre-o-capoto-e-as-ombreiras-das-janelas-seccao-horizontal-1024x769.webp 1024w, https:\/\/www.engipar.com\/wp-content\/uploads\/2025\/06\/Noticia-Pormenor-do-encontro-entre-o-capoto-e-as-ombreiras-das-janelas-seccao-horizontal-300x225.webp 300w, https:\/\/www.engipar.com\/wp-content\/uploads\/2025\/06\/Noticia-Pormenor-do-encontro-entre-o-capoto-e-as-ombreiras-das-janelas-seccao-horizontal-768x576.webp 768w, https:\/\/www.engipar.com\/wp-content\/uploads\/2025\/06\/Noticia-Pormenor-do-encontro-entre-o-capoto-e-as-ombreiras-das-janelas-seccao-horizontal-1536x1153.webp 1536w, https:\/\/www.engipar.com\/wp-content\/uploads\/2025\/06\/Noticia-Pormenor-do-encontro-entre-o-capoto-e-as-ombreiras-das-janelas-seccao-horizontal-16x12.webp 16w, https:\/\/www.engipar.com\/wp-content\/uploads\/2025\/06\/Noticia-Pormenor-do-encontro-entre-o-capoto-e-as-ombreiras-das-janelas-seccao-horizontal.webp 2048w\" sizes=\"auto, (max-width: 1024px) 100vw, 1024px\" \/><figcaption class=\"wp-element-caption\">Pormenor do encontro entre o capoto e as ombreiras das janelas (sec\u00e7\u00e3o horizontal)<\/figcaption><\/figure>","protected":false},"excerpt":{"rendered":"<p>A Engipar elaborou recentemente projeto de reabilita\u00e7\u00e3o de edif\u00edcio IPSS em Vila Real. Depois de um levantamento meticuloso das v\u00e1rias patologias &#8230;<\/p>","protected":false},"author":2,"featured_media":3296,"comment_status":"closed","ping_status":"closed","sticky":false,"template":"","format":"standard","meta":{"_monsterinsights_skip_tracking":false,"_monsterinsights_sitenote_active":false,"_monsterinsights_sitenote_note":"","_monsterinsights_sitenote_category":0,"_joinchat":[],"footnotes":""},"categories":[51],"tags":[245,190,388,237],"class_list":["post-3293","post","type-post","status-publish","format-standard","has-post-thumbnail","hentry","category-noticias","tag-engipar","tag-patologias","tag-projeto","tag-projetoreabilitacao"],"aioseo_notices":[],"_links":{"self":[{"href":"https:\/\/www.engipar.com\/en\/wp-json\/wp\/v2\/posts\/3293","targetHints":{"allow":["GET"]}}],"collection":[{"href":"https:\/\/www.engipar.com\/en\/wp-json\/wp\/v2\/posts"}],"about":[{"href":"https:\/\/www.engipar.com\/en\/wp-json\/wp\/v2\/types\/post"}],"author":[{"embeddable":true,"href":"https:\/\/www.engipar.com\/en\/wp-json\/wp\/v2\/users\/2"}],"replies":[{"embeddable":true,"href":"https:\/\/www.engipar.com\/en\/wp-json\/wp\/v2\/comments?post=3293"}],"version-history":[{"count":4,"href":"https:\/\/www.engipar.com\/en\/wp-json\/wp\/v2\/posts\/3293\/revisions"}],"predecessor-version":[{"id":3306,"href":"https:\/\/www.engipar.com\/en\/wp-json\/wp\/v2\/posts\/3293\/revisions\/3306"}],"wp:featuredmedia":[{"embeddable":true,"href":"https:\/\/www.engipar.com\/en\/wp-json\/wp\/v2\/media\/3296"}],"wp:attachment":[{"href":"https:\/\/www.engipar.com\/en\/wp-json\/wp\/v2\/media?parent=3293"}],"wp:term":[{"taxonomy":"category","embeddable":true,"href":"https:\/\/www.engipar.com\/en\/wp-json\/wp\/v2\/categories?post=3293"},{"taxonomy":"post_tag","embeddable":true,"href":"https:\/\/www.engipar.com\/en\/wp-json\/wp\/v2\/tags?post=3293"}],"curies":[{"name":"wp","href":"https:\/\/api.w.org\/{rel}","templated":true}]}}