{"id":2972,"date":"2024-11-18T15:19:14","date_gmt":"2024-11-18T15:19:14","guid":{"rendered":"https:\/\/www.engipar.com\/?p=2972"},"modified":"2024-11-22T22:22:44","modified_gmt":"2024-11-22T22:22:44","slug":"arquitetura-modular-uma-resposta-para-edificacoes-rapidas-e-eficazes","status":"publish","type":"post","link":"https:\/\/www.engipar.com\/en\/2024\/11\/18\/arquitetura-modular-uma-resposta-para-edificacoes-rapidas-e-eficazes\/","title":{"rendered":"Arquitetura Modular: Uma resposta para edifica\u00e7\u00f5es r\u00e1pidas e eficazes?"},"content":{"rendered":"<p>A Arquitetura Modular na constru\u00e7\u00e3o \u00e9 um m\u00e9todo que emprega m\u00f3dulos pr\u00e9-fabricados. Esses m\u00f3dulos v\u00e3o desde paredes at\u00e9 estruturas completas de um espa\u00e7o, s\u00e3o elaborados com precis\u00e3o em f\u00e1bricas, assegurando um controle de qualidade mais rigoroso. Oferece uma ampla gama de alternativas e possibilita a execu\u00e7\u00e3o de diversas obras atrav\u00e9s de dois m\u00e9todos distintos, conhecidos como constru\u00e7\u00e3o modular tradicional e constru\u00e7\u00e3o modular off-site.<br>Assim, a estrutura tradicional de constru\u00e7\u00e3o modular \u00e9 composta por pain\u00e9is modulares que se ajustam e s\u00e3o instalados no local da obra, de maneira planejada para minimizar o desperd\u00edcio de materiais. Por outro lado, o m\u00e9todo de constru\u00e7\u00e3o modular off-site envolve a produ\u00e7\u00e3o de m\u00f3dulos transport\u00e1veis prontos para uso, que comp\u00f5em uma edifica\u00e7\u00e3o ao serem instalados em conjunto.<\/p>\n\n\n\n<!--more-->\n\n\n\n<p><strong>Vantagens<\/strong><\/p>\n\n\n\n<p>A arquitetura modular oferece uma s\u00e9rie de benef\u00edcios, destacando-se:<\/p>\n\n\n\n<p>&#8211; Pela sua efici\u00eancia e versatilidade. Essa abordagem possibilita a diminui\u00e7\u00e3o do tempo de constru\u00e7\u00e3o, uma vez que a produ\u00e7\u00e3o dos m\u00f3dulos e a prepara\u00e7\u00e3o do terreno podem ocorrer simultaneamente.<\/p>\n\n\n\n<p>&#8211; Al\u00e9m disso, o controle em um ambiente fabril aprimora a qualidade e minimiza o desperd\u00edcio de materiais, tornando o processo mais sustent\u00e1vel.<\/p>\n\n\n\n<p>&#8211; A modularidade tamb\u00e9m torna mais simples a futura expans\u00e3o, permitindo a adi\u00e7\u00e3o ou modifica\u00e7\u00e3o de m\u00f3dulos conforme as necessidades do cliente.<\/p>\n\n\n\n<p><strong>Desvantagens<\/strong><\/p>\n\n\n\n<p>Todavia, existem algumas desvantagens:<\/p>\n\n\n\n<p>&#8211; \u00c9 comum encontrar limita\u00e7\u00f5es no design, j\u00e1 que os m\u00f3dulos precisam obedecer a padr\u00f5es espec\u00edficos para facilitar o transporte e a montagem, o que restringe a personaliza\u00e7\u00e3o.<\/p>\n\n\n\n<p>&#8211; A log\u00edstica pode apresentar desafios consider\u00e1veis, especialmente quando se trata do transporte de grandes m\u00f3dulos para \u00e1reas de acesso complicado. Ademais, eventuais falhas durante a montagem podem afetar tanto o alinhamento quanto a integridade do projeto, tornando altera\u00e7\u00f5es substanciais mais dif\u00edceis de serem implementadas, uma vez que o sistema modular deve ser devidamente observado.<\/p>\n\n\n\n<p>&#8211; Por \u00faltimo, aspetos legais e a aceita\u00e7\u00e3o cultural continuam a ser obst\u00e1culos em certas comunidades, o que pode influenciar a viabilidade do projeto.<\/p>\n\n\n\n<p>Em conclus\u00e3o, a constru\u00e7\u00e3o modular, apesar dos desafios, continua a ser uma solu\u00e7\u00e3o promissora para o futuro. Suas vantagens em efici\u00eancia, sustentabilidade e respondem \u00e0s necessidades contempor\u00e2neas do setor da constru\u00e7\u00e3o, tornando-a uma alternativa cada vez mais valorizada. Com o avan\u00e7o na adapta\u00e7\u00e3o a normas e na aceita\u00e7\u00e3o cultural, a arquitetura modular pode se firmar como uma abordagem inovadora na constru\u00e7\u00e3o.<\/p>\n\n\n\n<div class=\"wp-block-columns is-layout-flex wp-container-core-columns-is-layout-9d6595d7 wp-block-columns-is-layout-flex\">\n<div class=\"wp-block-column is-layout-flow wp-block-column-is-layout-flow\">\n<figure class=\"wp-block-image size-large\"><img loading=\"lazy\" decoding=\"async\" width=\"1024\" height=\"769\" src=\"https:\/\/www.engipar.com\/wp-content\/uploads\/2024\/11\/Noticia-2-1-1024x769.webp\" alt=\"Arquitetura Modular: Uma resposta para edifica\u00e7\u00f5es r\u00e1pidas e eficazes?\" class=\"wp-image-2981\" srcset=\"https:\/\/www.engipar.com\/wp-content\/uploads\/2024\/11\/Noticia-2-1-1024x769.webp 1024w, https:\/\/www.engipar.com\/wp-content\/uploads\/2024\/11\/Noticia-2-1-300x225.webp 300w, https:\/\/www.engipar.com\/wp-content\/uploads\/2024\/11\/Noticia-2-1-768x576.webp 768w, https:\/\/www.engipar.com\/wp-content\/uploads\/2024\/11\/Noticia-2-1-1536x1153.webp 1536w, https:\/\/www.engipar.com\/wp-content\/uploads\/2024\/11\/Noticia-2-1-16x12.webp 16w, https:\/\/www.engipar.com\/wp-content\/uploads\/2024\/11\/Noticia-2-1.webp 2048w\" sizes=\"auto, (max-width: 1024px) 100vw, 1024px\" \/><\/figure>\n<\/div>\n\n\n\n<div class=\"wp-block-column is-layout-flow wp-block-column-is-layout-flow\">\n<figure class=\"wp-block-image size-large\"><img loading=\"lazy\" decoding=\"async\" width=\"1024\" height=\"769\" src=\"https:\/\/www.engipar.com\/wp-content\/uploads\/2024\/11\/Noticia-1024x769.webp\" alt=\"Arquitetura Modular: Uma resposta para edifica\u00e7\u00f5es r\u00e1pidas e eficazes?\" class=\"wp-image-2979\" srcset=\"https:\/\/www.engipar.com\/wp-content\/uploads\/2024\/11\/Noticia-1024x769.webp 1024w, https:\/\/www.engipar.com\/wp-content\/uploads\/2024\/11\/Noticia-300x225.webp 300w, https:\/\/www.engipar.com\/wp-content\/uploads\/2024\/11\/Noticia-768x576.webp 768w, https:\/\/www.engipar.com\/wp-content\/uploads\/2024\/11\/Noticia-1536x1153.webp 1536w, https:\/\/www.engipar.com\/wp-content\/uploads\/2024\/11\/Noticia-16x12.webp 16w, https:\/\/www.engipar.com\/wp-content\/uploads\/2024\/11\/Noticia.webp 2048w\" sizes=\"auto, (max-width: 1024px) 100vw, 1024px\" \/><\/figure>\n<\/div>\n<\/div>\n\n\n\n<p><\/p>","protected":false},"excerpt":{"rendered":"<p>A Arquitetura Modular na constru\u00e7\u00e3o \u00e9 um m\u00e9todo que emprega m\u00f3dulos pr\u00e9-fabricados. Esses m\u00f3dulos v\u00e3o desde paredes at\u00e9 estruturas completas de &#8230;<\/p>","protected":false},"author":2,"featured_media":2982,"comment_status":"closed","ping_status":"closed","sticky":false,"template":"","format":"standard","meta":{"_monsterinsights_skip_tracking":false,"_monsterinsights_sitenote_active":false,"_monsterinsights_sitenote_note":"","_monsterinsights_sitenote_category":0,"_joinchat":[],"footnotes":""},"categories":[1],"tags":[],"class_list":["post-2972","post","type-post","status-publish","format-standard","has-post-thumbnail","hentry","category-uncategorized"],"aioseo_notices":[],"_links":{"self":[{"href":"https:\/\/www.engipar.com\/en\/wp-json\/wp\/v2\/posts\/2972","targetHints":{"allow":["GET"]}}],"collection":[{"href":"https:\/\/www.engipar.com\/en\/wp-json\/wp\/v2\/posts"}],"about":[{"href":"https:\/\/www.engipar.com\/en\/wp-json\/wp\/v2\/types\/post"}],"author":[{"embeddable":true,"href":"https:\/\/www.engipar.com\/en\/wp-json\/wp\/v2\/users\/2"}],"replies":[{"embeddable":true,"href":"https:\/\/www.engipar.com\/en\/wp-json\/wp\/v2\/comments?post=2972"}],"version-history":[{"count":0,"href":"https:\/\/www.engipar.com\/en\/wp-json\/wp\/v2\/posts\/2972\/revisions"}],"wp:featuredmedia":[{"embeddable":true,"href":"https:\/\/www.engipar.com\/en\/wp-json\/wp\/v2\/media\/2982"}],"wp:attachment":[{"href":"https:\/\/www.engipar.com\/en\/wp-json\/wp\/v2\/media?parent=2972"}],"wp:term":[{"taxonomy":"category","embeddable":true,"href":"https:\/\/www.engipar.com\/en\/wp-json\/wp\/v2\/categories?post=2972"},{"taxonomy":"post_tag","embeddable":true,"href":"https:\/\/www.engipar.com\/en\/wp-json\/wp\/v2\/tags?post=2972"}],"curies":[{"name":"wp","href":"https:\/\/api.w.org\/{rel}","templated":true}]}}