{"id":2361,"date":"2023-09-15T16:19:55","date_gmt":"2023-09-15T16:19:55","guid":{"rendered":"https:\/\/www.engipar.com\/?p=2361"},"modified":"2023-10-06T10:09:08","modified_gmt":"2023-10-06T10:09:08","slug":"fiscalizacao-e-cso-de-reabilitacao-de-cobertura-loja-cidadao-laranjeiras","status":"publish","type":"post","link":"https:\/\/www.engipar.com\/en\/2023\/09\/15\/fiscalizacao-e-cso-de-reabilitacao-de-cobertura-loja-cidadao-laranjeiras\/","title":{"rendered":"Fiscaliza\u00e7\u00e3o e CSO de Reabilita\u00e7\u00e3o de cobertura Loja Cidad\u00e3o Laranjeiras"},"content":{"rendered":"<p>Terminou h\u00e1 poucos dias o nosso acompanhamento de Fiscaliza\u00e7\u00e3o e Coordena\u00e7\u00e3o de Seguran\u00e7a da obra de reabilita\u00e7\u00e3o da cobertura da loja das Laranjeiras em Lisboa. <\/p>\n\n\n\n<!--more-->\n\n\n\n<p>O Empreiteiro desenvolveu trabalhos de demoli\u00e7\u00e3o, prepara\u00e7\u00e3o de suporte, aplica\u00e7\u00e3o de telas, revestimentos finais e remates. O trabalho acabou por ter alguma complexidade e condicionamento, pela exist\u00eancia de infra-estruturas de AVAC no local. <\/p>\n\n\n\n<p>Agradecemos \u00e0 <a href=\"http:\/\/www.ama.gov.pt\/\">AMA <\/a>pela confian\u00e7a depositada.<\/p>\n\n\n\n<p>Juntamos algumas fotos dos trabalhos.<\/p>\n\n\n\n<div class=\"wp-block-columns is-layout-flex wp-container-core-columns-is-layout-9d6595d7 wp-block-columns-is-layout-flex\">\n<div class=\"wp-block-column is-layout-flow wp-block-column-is-layout-flow\">\n<figure class=\"wp-block-image size-large\"><img loading=\"lazy\" decoding=\"async\" width=\"1024\" height=\"769\" src=\"https:\/\/www.engipar.com\/wp-content\/uploads\/2023\/09\/1-1024x769.webp\" alt=\"Fiscaliza\u00e7\u00e3o e CSO de Reabilita\u00e7\u00e3o de cobertura Loja Cidad\u00e3o Laranjeiras\" class=\"wp-image-2365\" srcset=\"https:\/\/www.engipar.com\/wp-content\/uploads\/2023\/09\/1-1024x769.webp 1024w, https:\/\/www.engipar.com\/wp-content\/uploads\/2023\/09\/1-300x225.webp 300w, https:\/\/www.engipar.com\/wp-content\/uploads\/2023\/09\/1-768x576.webp 768w, https:\/\/www.engipar.com\/wp-content\/uploads\/2023\/09\/1-1536x1153.webp 1536w, https:\/\/www.engipar.com\/wp-content\/uploads\/2023\/09\/1-16x12.webp 16w, https:\/\/www.engipar.com\/wp-content\/uploads\/2023\/09\/1.webp 2048w\" sizes=\"auto, (max-width: 1024px) 100vw, 1024px\" \/><\/figure>\n<\/div>\n\n\n\n<div class=\"wp-block-column is-layout-flow wp-block-column-is-layout-flow\">\n<figure class=\"wp-block-image size-large\"><img loading=\"lazy\" decoding=\"async\" width=\"1024\" height=\"769\" src=\"https:\/\/www.engipar.com\/wp-content\/uploads\/2023\/09\/3-1024x769.webp\" alt=\"Fiscaliza\u00e7\u00e3o e CSO de Reabilita\u00e7\u00e3o de cobertura Loja Cidad\u00e3o Laranjeiras\" class=\"wp-image-2362\" srcset=\"https:\/\/www.engipar.com\/wp-content\/uploads\/2023\/09\/3-1024x769.webp 1024w, https:\/\/www.engipar.com\/wp-content\/uploads\/2023\/09\/3-300x225.webp 300w, https:\/\/www.engipar.com\/wp-content\/uploads\/2023\/09\/3-768x576.webp 768w, https:\/\/www.engipar.com\/wp-content\/uploads\/2023\/09\/3-1536x1153.webp 1536w, https:\/\/www.engipar.com\/wp-content\/uploads\/2023\/09\/3-16x12.webp 16w, https:\/\/www.engipar.com\/wp-content\/uploads\/2023\/09\/3.webp 2048w\" sizes=\"auto, (max-width: 1024px) 100vw, 1024px\" \/><\/figure>\n<\/div>\n<\/div>\n\n\n\n<div class=\"wp-block-columns is-layout-flex wp-container-core-columns-is-layout-9d6595d7 wp-block-columns-is-layout-flex\">\n<div class=\"wp-block-column is-layout-flow wp-block-column-is-layout-flow\">\n<figure class=\"wp-block-image size-large\"><img loading=\"lazy\" decoding=\"async\" width=\"1024\" height=\"769\" src=\"https:\/\/www.engipar.com\/wp-content\/uploads\/2023\/09\/2-1024x769.webp\" alt=\"Fiscaliza\u00e7\u00e3o e CSO de Reabilita\u00e7\u00e3o de cobertura Loja Cidad\u00e3o Laranjeiras\" class=\"wp-image-2366\" srcset=\"https:\/\/www.engipar.com\/wp-content\/uploads\/2023\/09\/2-1024x769.webp 1024w, https:\/\/www.engipar.com\/wp-content\/uploads\/2023\/09\/2-300x225.webp 300w, https:\/\/www.engipar.com\/wp-content\/uploads\/2023\/09\/2-768x576.webp 768w, https:\/\/www.engipar.com\/wp-content\/uploads\/2023\/09\/2-1536x1153.webp 1536w, https:\/\/www.engipar.com\/wp-content\/uploads\/2023\/09\/2-16x12.webp 16w, https:\/\/www.engipar.com\/wp-content\/uploads\/2023\/09\/2.webp 2048w\" sizes=\"auto, (max-width: 1024px) 100vw, 1024px\" \/><\/figure>\n<\/div>\n\n\n\n<div class=\"wp-block-column is-layout-flow wp-block-column-is-layout-flow\">\n<figure class=\"wp-block-image size-large is-resized\"><img loading=\"lazy\" decoding=\"async\" src=\"https:\/\/www.engipar.com\/wp-content\/uploads\/2023\/09\/Imagens-vertical-Engipar-769x1024.webp\" alt=\"Fiscaliza\u00e7\u00e3o e CSO de Reabilita\u00e7\u00e3o de cobertura Loja Cidad\u00e3o Laranjeiras\" class=\"wp-image-2363\" style=\"width:415px;height:554px\" width=\"415\" height=\"554\" srcset=\"https:\/\/www.engipar.com\/wp-content\/uploads\/2023\/09\/Imagens-vertical-Engipar-769x1024.webp 769w, https:\/\/www.engipar.com\/wp-content\/uploads\/2023\/09\/Imagens-vertical-Engipar-225x300.webp 225w, https:\/\/www.engipar.com\/wp-content\/uploads\/2023\/09\/Imagens-vertical-Engipar-768x1023.webp 768w, https:\/\/www.engipar.com\/wp-content\/uploads\/2023\/09\/Imagens-vertical-Engipar-1153x1536.webp 1153w, https:\/\/www.engipar.com\/wp-content\/uploads\/2023\/09\/Imagens-vertical-Engipar-9x12.webp 9w, https:\/\/www.engipar.com\/wp-content\/uploads\/2023\/09\/Imagens-vertical-Engipar.webp 1537w\" sizes=\"auto, (max-width: 415px) 100vw, 415px\" \/><\/figure>\n<\/div>\n<\/div>","protected":false},"excerpt":{"rendered":"<p>Terminou h\u00e1 poucos dias o nosso acompanhamento de Fiscaliza\u00e7\u00e3o e Coordena\u00e7\u00e3o de Seguran\u00e7a da obra de reabilita\u00e7\u00e3o da cobertura da loja &#8230;<\/p>","protected":false},"author":2,"featured_media":2364,"comment_status":"closed","ping_status":"closed","sticky":false,"template":"","format":"standard","meta":{"_monsterinsights_skip_tracking":false,"_monsterinsights_sitenote_active":false,"_monsterinsights_sitenote_note":"","_monsterinsights_sitenote_category":0,"_joinchat":[],"footnotes":""},"categories":[51],"tags":[240,70,229],"class_list":["post-2361","post","type-post","status-publish","format-standard","has-post-thumbnail","hentry","category-noticias","tag-coordenacaodeseguranca","tag-fiscalizacaodeobra","tag-reabilitacaocoberturas"],"aioseo_notices":[],"_links":{"self":[{"href":"https:\/\/www.engipar.com\/en\/wp-json\/wp\/v2\/posts\/2361","targetHints":{"allow":["GET"]}}],"collection":[{"href":"https:\/\/www.engipar.com\/en\/wp-json\/wp\/v2\/posts"}],"about":[{"href":"https:\/\/www.engipar.com\/en\/wp-json\/wp\/v2\/types\/post"}],"author":[{"embeddable":true,"href":"https:\/\/www.engipar.com\/en\/wp-json\/wp\/v2\/users\/2"}],"replies":[{"embeddable":true,"href":"https:\/\/www.engipar.com\/en\/wp-json\/wp\/v2\/comments?post=2361"}],"version-history":[{"count":0,"href":"https:\/\/www.engipar.com\/en\/wp-json\/wp\/v2\/posts\/2361\/revisions"}],"wp:featuredmedia":[{"embeddable":true,"href":"https:\/\/www.engipar.com\/en\/wp-json\/wp\/v2\/media\/2364"}],"wp:attachment":[{"href":"https:\/\/www.engipar.com\/en\/wp-json\/wp\/v2\/media?parent=2361"}],"wp:term":[{"taxonomy":"category","embeddable":true,"href":"https:\/\/www.engipar.com\/en\/wp-json\/wp\/v2\/categories?post=2361"},{"taxonomy":"post_tag","embeddable":true,"href":"https:\/\/www.engipar.com\/en\/wp-json\/wp\/v2\/tags?post=2361"}],"curies":[{"name":"wp","href":"https:\/\/api.w.org\/{rel}","templated":true}]}}