{"id":2339,"date":"2023-07-12T16:05:07","date_gmt":"2023-07-12T16:05:07","guid":{"rendered":"https:\/\/www.engipar.com\/?p=2339"},"modified":"2023-10-02T10:21:55","modified_gmt":"2023-10-02T10:21:55","slug":"assentamento-de-ceramicos-em-revestimentos-de-fachadas","status":"publish","type":"post","link":"https:\/\/www.engipar.com\/en\/2023\/07\/12\/assentamento-de-ceramicos-em-revestimentos-de-fachadas\/","title":{"rendered":"Assentamento de cer\u00e2micos em revestimentos de fachadas"},"content":{"rendered":"<p>Na reabilita\u00e7\u00e3o de edif\u00edcios, a instala\u00e7\u00e3o do revestimento de fachadas em material cer\u00e2mico \u00e9 um processo que compreende v\u00e1rios est\u00e1gios.<\/p>\n\n\n\n<!--more-->\n\n\n\n<p>Numa fase inicial temos a prepara\u00e7\u00e3o do suporte, a sua eventual a impermeabiliza\u00e7\u00e3o, o estudo da estereotomia de acordo com os v\u00e3os existentes e\/ou elementos singulares, a aplica\u00e7\u00e3o do cer\u00e2mico com recurso a cimento-cola-flex, a toma\u00e7\u00e3o das juntas e finalmente a lavagem\/limpeza final.<\/p>\n\n\n\n<p>Juntamos algumas fotos de um desses trabalhos.<\/p>\n\n\n\n<div class=\"wp-block-columns is-layout-flex wp-container-core-columns-is-layout-9d6595d7 wp-block-columns-is-layout-flex\">\n<div class=\"wp-block-column is-layout-flow wp-block-column-is-layout-flow\">\n<figure class=\"wp-block-image size-large\"><img loading=\"lazy\" decoding=\"async\" width=\"769\" height=\"1024\" src=\"https:\/\/www.engipar.com\/wp-content\/uploads\/2023\/07\/1-769x1024.webp\" alt=\"Assentamento de cer\u00e2micos em revestimentos de fachadas\" class=\"wp-image-2345\" srcset=\"https:\/\/www.engipar.com\/wp-content\/uploads\/2023\/07\/1-769x1024.webp 769w, https:\/\/www.engipar.com\/wp-content\/uploads\/2023\/07\/1-225x300.webp 225w, https:\/\/www.engipar.com\/wp-content\/uploads\/2023\/07\/1-768x1023.webp 768w, https:\/\/www.engipar.com\/wp-content\/uploads\/2023\/07\/1-1153x1536.webp 1153w, https:\/\/www.engipar.com\/wp-content\/uploads\/2023\/07\/1-9x12.webp 9w, https:\/\/www.engipar.com\/wp-content\/uploads\/2023\/07\/1.webp 1537w\" sizes=\"auto, (max-width: 769px) 100vw, 769px\" \/><\/figure>\n<\/div>\n\n\n\n<div class=\"wp-block-column is-layout-flow wp-block-column-is-layout-flow\">\n<figure class=\"wp-block-image size-large\"><img loading=\"lazy\" decoding=\"async\" width=\"769\" height=\"1024\" src=\"https:\/\/www.engipar.com\/wp-content\/uploads\/2023\/07\/2-769x1024.webp\" alt=\"Assentamento de cer\u00e2micos em revestimentos de fachadas\" class=\"wp-image-2346\" srcset=\"https:\/\/www.engipar.com\/wp-content\/uploads\/2023\/07\/2-769x1024.webp 769w, https:\/\/www.engipar.com\/wp-content\/uploads\/2023\/07\/2-225x300.webp 225w, https:\/\/www.engipar.com\/wp-content\/uploads\/2023\/07\/2-768x1023.webp 768w, https:\/\/www.engipar.com\/wp-content\/uploads\/2023\/07\/2-1153x1536.webp 1153w, https:\/\/www.engipar.com\/wp-content\/uploads\/2023\/07\/2-9x12.webp 9w, https:\/\/www.engipar.com\/wp-content\/uploads\/2023\/07\/2.webp 1537w\" sizes=\"auto, (max-width: 769px) 100vw, 769px\" \/><\/figure>\n<\/div>\n\n\n\n<div class=\"wp-block-column is-layout-flow wp-block-column-is-layout-flow\">\n<figure class=\"wp-block-image size-large\"><img loading=\"lazy\" decoding=\"async\" width=\"769\" height=\"1024\" src=\"https:\/\/www.engipar.com\/wp-content\/uploads\/2023\/07\/3-769x1024.webp\" alt=\"Assentamento de cer\u00e2micos em revestimentos de fachadas\" class=\"wp-image-2347\" srcset=\"https:\/\/www.engipar.com\/wp-content\/uploads\/2023\/07\/3-769x1024.webp 769w, https:\/\/www.engipar.com\/wp-content\/uploads\/2023\/07\/3-225x300.webp 225w, https:\/\/www.engipar.com\/wp-content\/uploads\/2023\/07\/3-768x1023.webp 768w, https:\/\/www.engipar.com\/wp-content\/uploads\/2023\/07\/3-1153x1536.webp 1153w, https:\/\/www.engipar.com\/wp-content\/uploads\/2023\/07\/3-9x12.webp 9w, https:\/\/www.engipar.com\/wp-content\/uploads\/2023\/07\/3.webp 1537w\" sizes=\"auto, (max-width: 769px) 100vw, 769px\" \/><\/figure>\n<\/div>\n<\/div>\n\n\n\n<div class=\"wp-block-columns is-layout-flex wp-container-core-columns-is-layout-9d6595d7 wp-block-columns-is-layout-flex\">\n<div class=\"wp-block-column is-layout-flow wp-block-column-is-layout-flow\">\n<figure class=\"wp-block-image size-large\"><img loading=\"lazy\" decoding=\"async\" width=\"1537\" height=\"2048\" src=\"https:\/\/www.engipar.com\/wp-content\/uploads\/2023\/07\/4-769x1024.webp\" alt=\"Assentamento de cer\u00e2micos em revestimentos de fachadas\" class=\"wp-image-2348\" srcset=\"https:\/\/www.engipar.com\/wp-content\/uploads\/2023\/07\/4-769x1024.webp 769w, https:\/\/www.engipar.com\/wp-content\/uploads\/2023\/07\/4-225x300.webp 225w, https:\/\/www.engipar.com\/wp-content\/uploads\/2023\/07\/4-768x1023.webp 768w, https:\/\/www.engipar.com\/wp-content\/uploads\/2023\/07\/4-1153x1536.webp 1153w, https:\/\/www.engipar.com\/wp-content\/uploads\/2023\/07\/4-9x12.webp 9w, https:\/\/www.engipar.com\/wp-content\/uploads\/2023\/07\/4.webp 1537w\" sizes=\"auto, (max-width: 1537px) 100vw, 1537px\" \/><\/figure>\n<\/div>\n\n\n\n<div class=\"wp-block-column is-layout-flow wp-block-column-is-layout-flow\">\n<figure class=\"wp-block-image size-large\"><img loading=\"lazy\" decoding=\"async\" width=\"769\" height=\"1024\" src=\"https:\/\/www.engipar.com\/wp-content\/uploads\/2023\/07\/5-769x1024.webp\" alt=\"Assentamento de cer\u00e2micos em revestimentos de fachadas\" class=\"wp-image-2349\" srcset=\"https:\/\/www.engipar.com\/wp-content\/uploads\/2023\/07\/5-769x1024.webp 769w, https:\/\/www.engipar.com\/wp-content\/uploads\/2023\/07\/5-225x300.webp 225w, https:\/\/www.engipar.com\/wp-content\/uploads\/2023\/07\/5-768x1023.webp 768w, https:\/\/www.engipar.com\/wp-content\/uploads\/2023\/07\/5-1153x1536.webp 1153w, https:\/\/www.engipar.com\/wp-content\/uploads\/2023\/07\/5-9x12.webp 9w, https:\/\/www.engipar.com\/wp-content\/uploads\/2023\/07\/5.webp 1537w\" sizes=\"auto, (max-width: 769px) 100vw, 769px\" \/><\/figure>\n<\/div>\n<\/div>","protected":false},"excerpt":{"rendered":"<p>Na reabilita\u00e7\u00e3o de edif\u00edcios, a instala\u00e7\u00e3o do revestimento de fachadas em material cer\u00e2mico \u00e9 um processo que compreende v\u00e1rios est\u00e1gios.<\/p>","protected":false},"author":2,"featured_media":2352,"comment_status":"closed","ping_status":"closed","sticky":false,"template":"","format":"standard","meta":{"_monsterinsights_skip_tracking":false,"_monsterinsights_sitenote_active":false,"_monsterinsights_sitenote_note":"","_monsterinsights_sitenote_category":0,"_joinchat":[],"footnotes":""},"categories":[51],"tags":[239,225],"class_list":["post-2339","post","type-post","status-publish","format-standard","has-post-thumbnail","hentry","category-noticias","tag-assentamentoceramicos","tag-reabilitacaofachadas"],"aioseo_notices":[],"_links":{"self":[{"href":"https:\/\/www.engipar.com\/en\/wp-json\/wp\/v2\/posts\/2339","targetHints":{"allow":["GET"]}}],"collection":[{"href":"https:\/\/www.engipar.com\/en\/wp-json\/wp\/v2\/posts"}],"about":[{"href":"https:\/\/www.engipar.com\/en\/wp-json\/wp\/v2\/types\/post"}],"author":[{"embeddable":true,"href":"https:\/\/www.engipar.com\/en\/wp-json\/wp\/v2\/users\/2"}],"replies":[{"embeddable":true,"href":"https:\/\/www.engipar.com\/en\/wp-json\/wp\/v2\/comments?post=2339"}],"version-history":[{"count":0,"href":"https:\/\/www.engipar.com\/en\/wp-json\/wp\/v2\/posts\/2339\/revisions"}],"wp:featuredmedia":[{"embeddable":true,"href":"https:\/\/www.engipar.com\/en\/wp-json\/wp\/v2\/media\/2352"}],"wp:attachment":[{"href":"https:\/\/www.engipar.com\/en\/wp-json\/wp\/v2\/media?parent=2339"}],"wp:term":[{"taxonomy":"category","embeddable":true,"href":"https:\/\/www.engipar.com\/en\/wp-json\/wp\/v2\/categories?post=2339"},{"taxonomy":"post_tag","embeddable":true,"href":"https:\/\/www.engipar.com\/en\/wp-json\/wp\/v2\/tags?post=2339"}],"curies":[{"name":"wp","href":"https:\/\/api.w.org\/{rel}","templated":true}]}}