{"id":1748,"date":"2022-07-12T16:43:23","date_gmt":"2022-07-12T16:43:23","guid":{"rendered":"https:\/\/www.engipar.com\/?p=1748"},"modified":"2023-01-06T10:17:28","modified_gmt":"2023-01-06T10:17:28","slug":"projeto-de-requalificacao-de-fachadas","status":"publish","type":"post","link":"https:\/\/www.engipar.com\/en\/2022\/07\/12\/projeto-de-requalificacao-de-fachadas\/","title":{"rendered":"Projeto de Requalifica\u00e7\u00e3o de Fachadas"},"content":{"rendered":"<p>Foi conclu\u00eddo, recentemente, o trabalho de elabora\u00e7\u00e3o de Projeto de Requalifica\u00e7\u00e3o de<br>Fachadas e respetivo Licenciamento de pr\u00e9dio sito na Rua Pedro Hispano no Porto, para a<br>empresa de gest\u00e3o de condom\u00ednios IZIcond. Agradecemos a confian\u00e7a depositada.<\/p>\n\n\n\n<!--more-->\n\n\n\n<figure class=\"wp-block-image size-full\"><img loading=\"lazy\" decoding=\"async\" width=\"574\" height=\"701\" src=\"https:\/\/www.engipar.com\/wp-content\/uploads\/2022\/07\/Foto-principal.jpg\" alt=\"Projeto de Requalifica\u00e7\u00e3o de Fachadas\" class=\"wp-image-1749\" srcset=\"https:\/\/www.engipar.com\/wp-content\/uploads\/2022\/07\/Foto-principal.jpg 574w, https:\/\/www.engipar.com\/wp-content\/uploads\/2022\/07\/Foto-principal-246x300.jpg 246w\" sizes=\"auto, (max-width: 574px) 100vw, 574px\" \/><\/figure>\n\n\n\n<figure class=\"wp-block-image size-full\"><img loading=\"lazy\" decoding=\"async\" width=\"912\" height=\"721\" src=\"https:\/\/www.engipar.com\/wp-content\/uploads\/2022\/07\/Noticia-.jpg\" alt=\"Projeto de Requalifica\u00e7\u00e3o de Fachadas\" class=\"wp-image-1750\" srcset=\"https:\/\/www.engipar.com\/wp-content\/uploads\/2022\/07\/Noticia-.jpg 912w, https:\/\/www.engipar.com\/wp-content\/uploads\/2022\/07\/Noticia--300x237.jpg 300w, https:\/\/www.engipar.com\/wp-content\/uploads\/2022\/07\/Noticia--768x607.jpg 768w\" sizes=\"auto, (max-width: 912px) 100vw, 912px\" \/><\/figure>","protected":false},"excerpt":{"rendered":"<p>Foi conclu\u00eddo, recentemente, o trabalho de elabora\u00e7\u00e3o de Projeto de Requalifica\u00e7\u00e3o deFachadas e respetivo Licenciamento de pr\u00e9dio sito na Rua Pedro &#8230;<\/p>","protected":false},"author":2,"featured_media":1749,"comment_status":"closed","ping_status":"closed","sticky":false,"template":"","format":"standard","meta":{"_monsterinsights_skip_tracking":false,"_monsterinsights_sitenote_active":false,"_monsterinsights_sitenote_note":"","_monsterinsights_sitenote_category":0,"_joinchat":[],"footnotes":""},"categories":[51],"tags":[89,88,71],"class_list":["post-1748","post","type-post","status-publish","format-standard","has-post-thumbnail","hentry","category-noticias","tag-obrascondominio","tag-reabilitafachadas","tag-requalificacaodefachadas"],"aioseo_notices":[],"_links":{"self":[{"href":"https:\/\/www.engipar.com\/en\/wp-json\/wp\/v2\/posts\/1748","targetHints":{"allow":["GET"]}}],"collection":[{"href":"https:\/\/www.engipar.com\/en\/wp-json\/wp\/v2\/posts"}],"about":[{"href":"https:\/\/www.engipar.com\/en\/wp-json\/wp\/v2\/types\/post"}],"author":[{"embeddable":true,"href":"https:\/\/www.engipar.com\/en\/wp-json\/wp\/v2\/users\/2"}],"replies":[{"embeddable":true,"href":"https:\/\/www.engipar.com\/en\/wp-json\/wp\/v2\/comments?post=1748"}],"version-history":[{"count":0,"href":"https:\/\/www.engipar.com\/en\/wp-json\/wp\/v2\/posts\/1748\/revisions"}],"wp:featuredmedia":[{"embeddable":true,"href":"https:\/\/www.engipar.com\/en\/wp-json\/wp\/v2\/media\/1749"}],"wp:attachment":[{"href":"https:\/\/www.engipar.com\/en\/wp-json\/wp\/v2\/media?parent=1748"}],"wp:term":[{"taxonomy":"category","embeddable":true,"href":"https:\/\/www.engipar.com\/en\/wp-json\/wp\/v2\/categories?post=1748"},{"taxonomy":"post_tag","embeddable":true,"href":"https:\/\/www.engipar.com\/en\/wp-json\/wp\/v2\/tags?post=1748"}],"curies":[{"name":"wp","href":"https:\/\/api.w.org\/{rel}","templated":true}]}}